{"id":1518,"date":"2018-07-16T18:23:19","date_gmt":"2018-07-16T16:23:19","guid":{"rendered":"https:\/\/apple.econocom.com\/business\/?p=1518"},"modified":"2025-02-14T09:54:13","modified_gmt":"2025-02-14T08:54:13","slug":"macbookpro-touchbar","status":"publish","type":"post","link":"https:\/\/apple.econocom.com\/business\/blog\/2018\/07\/16\/macbookpro-touchbar\/","title":{"rendered":"Nouveau MacBook Pro Touch Bar"},"content":{"rendered":"<h3 style=\"text-align: center;\"><b>L\u2019ordinateur portable Apple le plus puissant jamais commercialis\u00e9.\u00a0<\/b><\/h3>\n<p><img loading=\"lazy\" decoding=\"async\" class=\"wp-image-1521 aligncenter\" src=\"https:\/\/apple.econocom.com\/business\/wp-content\/uploads\/sites\/3\/2018\/07\/MBP15-PT-Open105-SpGry_ISO-FRFR-PRINT.png\" alt=\"\" width=\"586\" height=\"586\" srcset=\"https:\/\/apple.econocom.com\/business\/wp-content\/uploads\/sites\/3\/2018\/07\/MBP15-PT-Open105-SpGry_ISO-FRFR-PRINT.png 5100w, https:\/\/apple.econocom.com\/business\/wp-content\/uploads\/sites\/3\/2018\/07\/MBP15-PT-Open105-SpGry_ISO-FRFR-PRINT-500x500.png 500w, https:\/\/apple.econocom.com\/business\/wp-content\/uploads\/sites\/3\/2018\/07\/MBP15-PT-Open105-SpGry_ISO-FRFR-PRINT-1024x1024.png 1024w, https:\/\/apple.econocom.com\/business\/wp-content\/uploads\/sites\/3\/2018\/07\/MBP15-PT-Open105-SpGry_ISO-FRFR-PRINT-150x150.png 150w, https:\/\/apple.econocom.com\/business\/wp-content\/uploads\/sites\/3\/2018\/07\/MBP15-PT-Open105-SpGry_ISO-FRFR-PRINT-768x768.png 768w, https:\/\/apple.econocom.com\/business\/wp-content\/uploads\/sites\/3\/2018\/07\/MBP15-PT-Open105-SpGry_ISO-FRFR-PRINT-1536x1536.png 1536w, https:\/\/apple.econocom.com\/business\/wp-content\/uploads\/sites\/3\/2018\/07\/MBP15-PT-Open105-SpGry_ISO-FRFR-PRINT-2048x2048.png 2048w, https:\/\/apple.econocom.com\/business\/wp-content\/uploads\/sites\/3\/2018\/07\/MBP15-PT-Open105-SpGry_ISO-FRFR-PRINT-1200x1200.png 1200w\" sizes=\"auto, (max-width: 586px) 100vw, 586px\" \/><\/p>\n<p><b>Le nouveau MacBook Pro <\/b>est dot\u00e9 de nouveaux processeurs Intel Core hexacoeurs et quadricoeurs de 8\u00e8me g\u00e9n\u00e9ration procurant des vitesses de traitement <b>jusqu\u2019\u00e0 70 % plus rapides <\/b>; d\u2019un superbe \u00e9cran retina riche en couleurs offrant la <b>technologie True Tone <\/b>pour une exp\u00e9rience visuelle encore plus fid\u00e8le \u00e0 la r\u00e9alit\u00e9, et de la Touch Bar polyvalente pour <b>gagner encore en productivit\u00e9<\/b>.<\/p>\n<p>Le nouveau MacBook Pro (15 pouces\/13 pouces) avec Touch Bar est d\u2019ores et d\u00e9j\u00e0\u00a0<b>disponible chez Econocom.<br \/>\n<\/b><b>Plus puissant. Plus performant. Plus pro.\u00a0<\/b><\/p>\n<p><b>\u00cates-vous pr\u00eat \u00e0 booster la productivit\u00e9 de vos employ\u00e9s ?<\/b><\/p>\n<hr \/>\n<h2 style=\"text-align: center;\"><span style=\"color: #3e0d81;\"><span style=\"caret-color: #3e0d81;\">D\u00e9couvrez l&rsquo;ensemble de la gamme Mac<br \/>\ndisponible pour votre entreprise<\/span><\/span><\/h2>\n<p style=\"text-align: center;\"><span style=\"color: #000000;\">avec Econocom, disposez de la qualit\u00e9 Apple au service de vos<br \/>\nutilisateurs, adapt\u00e9e \u00e0 votre entreprise.<\/span><\/p>\n<p style=\"text-align: center;\"><a class=\"btn btn-primary btn-with-arrow\" href=\"https:\/\/apple.econocom.com\/business\/gammes\/mac\/\" target=\"_blank\" rel=\"noopener\">D\u00e9couvrir la gamme et les services associ\u00e9s<\/a><\/p>\n<p>&nbsp;<\/p>\n<hr \/>\n<p><b>Principales caract\u00e9ristiques :\u00a0<\/b><\/p>\n<p>\u2022 \u00c9cran Retina avec technologie True Tone,<br \/>\n\u2022 Touch Bar et Touch ID,<br \/>\n\u2022 Le m\u00e9canisme \u00abpapillon\u00bb du clavier optimis\u00e9. Pour une workplace ultra silencieuse,<br \/>\n\u2022 La puce T2, con\u00e7ue pour la gestion de la s\u00e9curit\u00e9 et le chiffrement des donn\u00e9es,<br \/>\n\u2022 Un disque de stockage SSD ultra\u2011rapide,<br \/>\n\u2022 L\u2019int\u00e9gration du Bluetooth 5.1,<br \/>\n\u2022 Jusqu\u2019\u00e0 32 Go de m\u00e9moire DDR4,<br \/>\n\u2022 Quatre ports Thunderbolt 3 (USB\u2011C),<br \/>\n\u2022 Jusqu\u2019\u00e0 10 heures d\u2019autonomie,<br \/>\n\u2022 Wi\u2011Fi 802.11ac<\/p>\n<p><img loading=\"lazy\" decoding=\"async\" class=\"wp-image-1531 aligncenter\" src=\"https:\/\/apple.econocom.com\/business\/wp-content\/uploads\/sites\/3\/2018\/07\/Capture-d\u2019\u00e9cran-2018-07-16-\u00e0-17.25.19.png\" alt=\"\" width=\"766\" height=\"622\" \/><\/p>\n<p style=\"text-align: center;\"><a href=\"https:\/\/apple.econocom.com\/business\/wp-content\/uploads\/sites\/3\/2018\/07\/Apple_MacBookPro_13_tb_2018.pdf\" target=\"_blank\" rel=\"noopener\"><strong><img loading=\"lazy\" decoding=\"async\" class=\"aligncenter\" src=\"https:\/\/static.thenounproject.com\/png\/89867-200.png\" alt=\"documents Icon 89867\" width=\"114\" height=\"114\" \/>Fiche Technique MacBook Pro 13\u00a0\u00bb TouchBar<\/strong><\/a> \u00a0 \u00a0 \u00a0 \u00a0 \u00a0 \u00a0<a href=\"https:\/\/apple.econocom.com\/business\/wp-content\/uploads\/sites\/3\/2018\/07\/Apple_MacBookPro_15_tb_2018.pdf\" target=\"_blank\" rel=\"noopener\"><strong>Fiche Technique MacBook Pro 15\u00a0\u00bb TouchBar<\/strong><\/a><\/p>\n<p>&nbsp;<\/p>\n<p>&nbsp;<\/p>\n","protected":false},"excerpt":{"rendered":"<p class=\"excerpt\">L\u2019ordinateur portable Apple le plus puissant jamais commercialis\u00e9.\u00a0 Le nouveau MacBook Pro est dot\u00e9 de [&hellip;]<\/p>\n","protected":false},"author":5,"featured_media":1554,"comment_status":"closed","ping_status":"closed","sticky":false,"template":"","format":"standard","meta":{"_acf_changed":false,"inline_featured_image":false,"footnotes":""},"categories":[11],"tags":[38,41,40,39],"class_list":["post-1518","post","type-post","status-publish","format-standard","has-post-thumbnail","hentry","category-actualite","tag-entreprise","tag-innovation","tag-productivite","tag-workplace"],"acf":[],"yoast_head":"<!-- This site is optimized with the Yoast SEO plugin v27.3 - https:\/\/yoast.com\/product\/yoast-seo-wordpress\/ -->\n<title>Nouveau MacBook Pro Touch Bar - Apple Econocom Business<\/title>\n<meta name=\"description\" content=\"D\u00e9couvrez le MacBook Pro avec Touch Bar : performance, innovation &amp; design pour les professionnels exigeants, avec l\u2019accompagnement Econocom\" \/>\n<meta name=\"robots\" content=\"index, follow, max-snippet:-1, max-image-preview:large, max-video-preview:-1\" \/>\n<link rel=\"canonical\" href=\"https:\/\/apple.econocom.com\/business\/blog\/2018\/07\/16\/macbookpro-touchbar\/\" \/>\n<meta property=\"og:locale\" content=\"fr_FR\" \/>\n<meta property=\"og:type\" content=\"article\" \/>\n<meta property=\"og:title\" content=\"Nouveau MacBook Pro Touch Bar - Apple Econocom Business\" \/>\n<meta property=\"og:description\" content=\"D\u00e9couvrez le MacBook Pro avec Touch Bar : performance, innovation &amp; design pour les professionnels exigeants, avec l\u2019accompagnement Econocom\" \/>\n<meta property=\"og:url\" content=\"https:\/\/apple.econocom.com\/business\/blog\/2018\/07\/16\/macbookpro-touchbar\/\" \/>\n<meta property=\"og:site_name\" content=\"Apple Econocom Business\" \/>\n<meta property=\"article:published_time\" content=\"2018-07-16T16:23:19+00:00\" \/>\n<meta property=\"article:modified_time\" content=\"2025-02-14T08:54:13+00:00\" \/>\n<meta property=\"og:image\" content=\"https:\/\/apple.econocom.com\/business\/wp-content\/uploads\/sites\/3\/2018\/07\/Image-web.png\" \/>\n\t<meta property=\"og:image:width\" content=\"1260\" \/>\n\t<meta property=\"og:image:height\" content=\"650\" \/>\n\t<meta property=\"og:image:type\" content=\"image\/png\" \/>\n<meta name=\"author\" content=\"morgane\" \/>\n<meta name=\"twitter:card\" content=\"summary_large_image\" \/>\n<meta name=\"twitter:label1\" content=\"\u00c9crit par\" \/>\n\t<meta name=\"twitter:data1\" content=\"morgane\" \/>\n\t<meta name=\"twitter:label2\" content=\"Dur\u00e9e de lecture estim\u00e9e\" \/>\n\t<meta name=\"twitter:data2\" content=\"2 minutes\" \/>\n<script type=\"application\/ld+json\" class=\"yoast-schema-graph\">{\"@context\":\"https:\\\/\\\/schema.org\",\"@graph\":[{\"@type\":\"Article\",\"@id\":\"https:\\\/\\\/apple.econocom.com\\\/business\\\/blog\\\/2018\\\/07\\\/16\\\/macbookpro-touchbar\\\/#article\",\"isPartOf\":{\"@id\":\"https:\\\/\\\/apple.econocom.com\\\/business\\\/blog\\\/2018\\\/07\\\/16\\\/macbookpro-touchbar\\\/\"},\"author\":{\"name\":\"morgane\",\"@id\":\"https:\\\/\\\/apple.econocom.com\\\/business\\\/#\\\/schema\\\/person\\\/22d1c1a51bbb7d512bd62b502ad4c0bb\"},\"headline\":\"Nouveau MacBook Pro Touch Bar\",\"datePublished\":\"2018-07-16T16:23:19+00:00\",\"dateModified\":\"2025-02-14T08:54:13+00:00\",\"mainEntityOfPage\":{\"@id\":\"https:\\\/\\\/apple.econocom.com\\\/business\\\/blog\\\/2018\\\/07\\\/16\\\/macbookpro-touchbar\\\/\"},\"wordCount\":235,\"image\":{\"@id\":\"https:\\\/\\\/apple.econocom.com\\\/business\\\/blog\\\/2018\\\/07\\\/16\\\/macbookpro-touchbar\\\/#primaryimage\"},\"thumbnailUrl\":\"https:\\\/\\\/apple.econocom.com\\\/business\\\/wp-content\\\/uploads\\\/sites\\\/3\\\/2018\\\/07\\\/Image-web.png\",\"keywords\":[\"#entreprise\",\"#innovation\",\"#productivit\u00e9\",\"#workplace\"],\"articleSection\":[\"Actualit\u00e9\"],\"inLanguage\":\"fr-FR\"},{\"@type\":\"WebPage\",\"@id\":\"https:\\\/\\\/apple.econocom.com\\\/business\\\/blog\\\/2018\\\/07\\\/16\\\/macbookpro-touchbar\\\/\",\"url\":\"https:\\\/\\\/apple.econocom.com\\\/business\\\/blog\\\/2018\\\/07\\\/16\\\/macbookpro-touchbar\\\/\",\"name\":\"Nouveau MacBook Pro Touch Bar - Apple Econocom Business\",\"isPartOf\":{\"@id\":\"https:\\\/\\\/apple.econocom.com\\\/business\\\/#website\"},\"primaryImageOfPage\":{\"@id\":\"https:\\\/\\\/apple.econocom.com\\\/business\\\/blog\\\/2018\\\/07\\\/16\\\/macbookpro-touchbar\\\/#primaryimage\"},\"image\":{\"@id\":\"https:\\\/\\\/apple.econocom.com\\\/business\\\/blog\\\/2018\\\/07\\\/16\\\/macbookpro-touchbar\\\/#primaryimage\"},\"thumbnailUrl\":\"https:\\\/\\\/apple.econocom.com\\\/business\\\/wp-content\\\/uploads\\\/sites\\\/3\\\/2018\\\/07\\\/Image-web.png\",\"datePublished\":\"2018-07-16T16:23:19+00:00\",\"dateModified\":\"2025-02-14T08:54:13+00:00\",\"author\":{\"@id\":\"https:\\\/\\\/apple.econocom.com\\\/business\\\/#\\\/schema\\\/person\\\/22d1c1a51bbb7d512bd62b502ad4c0bb\"},\"description\":\"D\u00e9couvrez le MacBook Pro avec Touch Bar : performance, innovation & design pour les professionnels exigeants, avec l\u2019accompagnement Econocom\",\"breadcrumb\":{\"@id\":\"https:\\\/\\\/apple.econocom.com\\\/business\\\/blog\\\/2018\\\/07\\\/16\\\/macbookpro-touchbar\\\/#breadcrumb\"},\"inLanguage\":\"fr-FR\",\"potentialAction\":[{\"@type\":\"ReadAction\",\"target\":[\"https:\\\/\\\/apple.econocom.com\\\/business\\\/blog\\\/2018\\\/07\\\/16\\\/macbookpro-touchbar\\\/\"]}]},{\"@type\":\"ImageObject\",\"inLanguage\":\"fr-FR\",\"@id\":\"https:\\\/\\\/apple.econocom.com\\\/business\\\/blog\\\/2018\\\/07\\\/16\\\/macbookpro-touchbar\\\/#primaryimage\",\"url\":\"https:\\\/\\\/apple.econocom.com\\\/business\\\/wp-content\\\/uploads\\\/sites\\\/3\\\/2018\\\/07\\\/Image-web.png\",\"contentUrl\":\"https:\\\/\\\/apple.econocom.com\\\/business\\\/wp-content\\\/uploads\\\/sites\\\/3\\\/2018\\\/07\\\/Image-web.png\",\"width\":1260,\"height\":650},{\"@type\":\"BreadcrumbList\",\"@id\":\"https:\\\/\\\/apple.econocom.com\\\/business\\\/blog\\\/2018\\\/07\\\/16\\\/macbookpro-touchbar\\\/#breadcrumb\",\"itemListElement\":[{\"@type\":\"ListItem\",\"position\":1,\"name\":\"Accueil\",\"item\":\"https:\\\/\\\/apple.econocom.com\\\/business\\\/\"},{\"@type\":\"ListItem\",\"position\":2,\"name\":\"Nouveau MacBook Pro Touch Bar\"}]},{\"@type\":\"WebSite\",\"@id\":\"https:\\\/\\\/apple.econocom.com\\\/business\\\/#website\",\"url\":\"https:\\\/\\\/apple.econocom.com\\\/business\\\/\",\"name\":\"Apple Econocom Business\",\"description\":\"econocom - Apple Premium Business Partner\",\"potentialAction\":[{\"@type\":\"SearchAction\",\"target\":{\"@type\":\"EntryPoint\",\"urlTemplate\":\"https:\\\/\\\/apple.econocom.com\\\/business\\\/?s={search_term_string}\"},\"query-input\":{\"@type\":\"PropertyValueSpecification\",\"valueRequired\":true,\"valueName\":\"search_term_string\"}}],\"inLanguage\":\"fr-FR\"},{\"@type\":\"Person\",\"@id\":\"https:\\\/\\\/apple.econocom.com\\\/business\\\/#\\\/schema\\\/person\\\/22d1c1a51bbb7d512bd62b502ad4c0bb\",\"name\":\"morgane\",\"image\":{\"@type\":\"ImageObject\",\"inLanguage\":\"fr-FR\",\"@id\":\"https:\\\/\\\/secure.gravatar.com\\\/avatar\\\/7dab4fb78ca47d9785c8a74ee0ed8439b88cea314193570bbc5d2d634ae72ab8?s=96&d=mm&r=g\",\"url\":\"https:\\\/\\\/secure.gravatar.com\\\/avatar\\\/7dab4fb78ca47d9785c8a74ee0ed8439b88cea314193570bbc5d2d634ae72ab8?s=96&d=mm&r=g\",\"contentUrl\":\"https:\\\/\\\/secure.gravatar.com\\\/avatar\\\/7dab4fb78ca47d9785c8a74ee0ed8439b88cea314193570bbc5d2d634ae72ab8?s=96&d=mm&r=g\",\"caption\":\"morgane\"},\"url\":\"https:\\\/\\\/apple.econocom.com\\\/business\\\/blog\\\/author\\\/morgane\\\/\"}]}<\/script>\n<!-- \/ Yoast SEO plugin. -->","yoast_head_json":{"title":"Nouveau MacBook Pro Touch Bar - Apple Econocom Business","description":"D\u00e9couvrez le MacBook Pro avec Touch Bar : performance, innovation & design pour les professionnels exigeants, avec l\u2019accompagnement Econocom","robots":{"index":"index","follow":"follow","max-snippet":"max-snippet:-1","max-image-preview":"max-image-preview:large","max-video-preview":"max-video-preview:-1"},"canonical":"https:\/\/apple.econocom.com\/business\/blog\/2018\/07\/16\/macbookpro-touchbar\/","og_locale":"fr_FR","og_type":"article","og_title":"Nouveau MacBook Pro Touch Bar - Apple Econocom Business","og_description":"D\u00e9couvrez le MacBook Pro avec Touch Bar : performance, innovation & design pour les professionnels exigeants, avec l\u2019accompagnement Econocom","og_url":"https:\/\/apple.econocom.com\/business\/blog\/2018\/07\/16\/macbookpro-touchbar\/","og_site_name":"Apple Econocom Business","article_published_time":"2018-07-16T16:23:19+00:00","article_modified_time":"2025-02-14T08:54:13+00:00","og_image":[{"width":1260,"height":650,"url":"https:\/\/apple.econocom.com\/business\/wp-content\/uploads\/sites\/3\/2018\/07\/Image-web.png","type":"image\/png"}],"author":"morgane","twitter_card":"summary_large_image","twitter_misc":{"\u00c9crit par":"morgane","Dur\u00e9e de lecture estim\u00e9e":"2 minutes"},"schema":{"@context":"https:\/\/schema.org","@graph":[{"@type":"Article","@id":"https:\/\/apple.econocom.com\/business\/blog\/2018\/07\/16\/macbookpro-touchbar\/#article","isPartOf":{"@id":"https:\/\/apple.econocom.com\/business\/blog\/2018\/07\/16\/macbookpro-touchbar\/"},"author":{"name":"morgane","@id":"https:\/\/apple.econocom.com\/business\/#\/schema\/person\/22d1c1a51bbb7d512bd62b502ad4c0bb"},"headline":"Nouveau MacBook Pro Touch Bar","datePublished":"2018-07-16T16:23:19+00:00","dateModified":"2025-02-14T08:54:13+00:00","mainEntityOfPage":{"@id":"https:\/\/apple.econocom.com\/business\/blog\/2018\/07\/16\/macbookpro-touchbar\/"},"wordCount":235,"image":{"@id":"https:\/\/apple.econocom.com\/business\/blog\/2018\/07\/16\/macbookpro-touchbar\/#primaryimage"},"thumbnailUrl":"https:\/\/apple.econocom.com\/business\/wp-content\/uploads\/sites\/3\/2018\/07\/Image-web.png","keywords":["#entreprise","#innovation","#productivit\u00e9","#workplace"],"articleSection":["Actualit\u00e9"],"inLanguage":"fr-FR"},{"@type":"WebPage","@id":"https:\/\/apple.econocom.com\/business\/blog\/2018\/07\/16\/macbookpro-touchbar\/","url":"https:\/\/apple.econocom.com\/business\/blog\/2018\/07\/16\/macbookpro-touchbar\/","name":"Nouveau MacBook Pro Touch Bar - Apple Econocom Business","isPartOf":{"@id":"https:\/\/apple.econocom.com\/business\/#website"},"primaryImageOfPage":{"@id":"https:\/\/apple.econocom.com\/business\/blog\/2018\/07\/16\/macbookpro-touchbar\/#primaryimage"},"image":{"@id":"https:\/\/apple.econocom.com\/business\/blog\/2018\/07\/16\/macbookpro-touchbar\/#primaryimage"},"thumbnailUrl":"https:\/\/apple.econocom.com\/business\/wp-content\/uploads\/sites\/3\/2018\/07\/Image-web.png","datePublished":"2018-07-16T16:23:19+00:00","dateModified":"2025-02-14T08:54:13+00:00","author":{"@id":"https:\/\/apple.econocom.com\/business\/#\/schema\/person\/22d1c1a51bbb7d512bd62b502ad4c0bb"},"description":"D\u00e9couvrez le MacBook Pro avec Touch Bar : performance, innovation & design pour les professionnels exigeants, avec l\u2019accompagnement Econocom","breadcrumb":{"@id":"https:\/\/apple.econocom.com\/business\/blog\/2018\/07\/16\/macbookpro-touchbar\/#breadcrumb"},"inLanguage":"fr-FR","potentialAction":[{"@type":"ReadAction","target":["https:\/\/apple.econocom.com\/business\/blog\/2018\/07\/16\/macbookpro-touchbar\/"]}]},{"@type":"ImageObject","inLanguage":"fr-FR","@id":"https:\/\/apple.econocom.com\/business\/blog\/2018\/07\/16\/macbookpro-touchbar\/#primaryimage","url":"https:\/\/apple.econocom.com\/business\/wp-content\/uploads\/sites\/3\/2018\/07\/Image-web.png","contentUrl":"https:\/\/apple.econocom.com\/business\/wp-content\/uploads\/sites\/3\/2018\/07\/Image-web.png","width":1260,"height":650},{"@type":"BreadcrumbList","@id":"https:\/\/apple.econocom.com\/business\/blog\/2018\/07\/16\/macbookpro-touchbar\/#breadcrumb","itemListElement":[{"@type":"ListItem","position":1,"name":"Accueil","item":"https:\/\/apple.econocom.com\/business\/"},{"@type":"ListItem","position":2,"name":"Nouveau MacBook Pro Touch Bar"}]},{"@type":"WebSite","@id":"https:\/\/apple.econocom.com\/business\/#website","url":"https:\/\/apple.econocom.com\/business\/","name":"Apple Econocom Business","description":"econocom - Apple Premium Business Partner","potentialAction":[{"@type":"SearchAction","target":{"@type":"EntryPoint","urlTemplate":"https:\/\/apple.econocom.com\/business\/?s={search_term_string}"},"query-input":{"@type":"PropertyValueSpecification","valueRequired":true,"valueName":"search_term_string"}}],"inLanguage":"fr-FR"},{"@type":"Person","@id":"https:\/\/apple.econocom.com\/business\/#\/schema\/person\/22d1c1a51bbb7d512bd62b502ad4c0bb","name":"morgane","image":{"@type":"ImageObject","inLanguage":"fr-FR","@id":"https:\/\/secure.gravatar.com\/avatar\/7dab4fb78ca47d9785c8a74ee0ed8439b88cea314193570bbc5d2d634ae72ab8?s=96&d=mm&r=g","url":"https:\/\/secure.gravatar.com\/avatar\/7dab4fb78ca47d9785c8a74ee0ed8439b88cea314193570bbc5d2d634ae72ab8?s=96&d=mm&r=g","contentUrl":"https:\/\/secure.gravatar.com\/avatar\/7dab4fb78ca47d9785c8a74ee0ed8439b88cea314193570bbc5d2d634ae72ab8?s=96&d=mm&r=g","caption":"morgane"},"url":"https:\/\/apple.econocom.com\/business\/blog\/author\/morgane\/"}]}},"_links":{"self":[{"href":"https:\/\/apple.econocom.com\/business\/wp-json\/wp\/v2\/posts\/1518","targetHints":{"allow":["GET"]}}],"collection":[{"href":"https:\/\/apple.econocom.com\/business\/wp-json\/wp\/v2\/posts"}],"about":[{"href":"https:\/\/apple.econocom.com\/business\/wp-json\/wp\/v2\/types\/post"}],"author":[{"embeddable":true,"href":"https:\/\/apple.econocom.com\/business\/wp-json\/wp\/v2\/users\/5"}],"replies":[{"embeddable":true,"href":"https:\/\/apple.econocom.com\/business\/wp-json\/wp\/v2\/comments?post=1518"}],"version-history":[{"count":1,"href":"https:\/\/apple.econocom.com\/business\/wp-json\/wp\/v2\/posts\/1518\/revisions"}],"predecessor-version":[{"id":10278,"href":"https:\/\/apple.econocom.com\/business\/wp-json\/wp\/v2\/posts\/1518\/revisions\/10278"}],"wp:featuredmedia":[{"embeddable":true,"href":"https:\/\/apple.econocom.com\/business\/wp-json\/wp\/v2\/media\/1554"}],"wp:attachment":[{"href":"https:\/\/apple.econocom.com\/business\/wp-json\/wp\/v2\/media?parent=1518"}],"wp:term":[{"taxonomy":"category","embeddable":true,"href":"https:\/\/apple.econocom.com\/business\/wp-json\/wp\/v2\/categories?post=1518"},{"taxonomy":"post_tag","embeddable":true,"href":"https:\/\/apple.econocom.com\/business\/wp-json\/wp\/v2\/tags?post=1518"}],"curies":[{"name":"wp","href":"https:\/\/api.w.org\/{rel}","templated":true}]}}