{"id":8672,"date":"2023-12-18T17:10:46","date_gmt":"2023-12-18T16:10:46","guid":{"rendered":"https:\/\/apple.econocom.com\/business\/?p=8672"},"modified":"2025-02-14T10:01:52","modified_gmt":"2025-02-14T09:01:52","slug":"macbook-pro-m3","status":"publish","type":"post","link":"https:\/\/apple.econocom.com\/business\/blog\/2023\/12\/18\/macbook-pro-m3\/","title":{"rendered":"MacBook Pro M3"},"content":{"rendered":"","protected":false},"excerpt":{"rendered":"<p class=\"excerpt\">Des performances qui changent la donne. Des graphismes nouvelle g\u00e9n\u00e9ration. Jusqu\u2019\u00e0 22 heures d\u2019autonomie.<br \/>\nEt un nouveau coloris noir sid\u00e9ral.<\/p>\n","protected":false},"author":1,"featured_media":8707,"comment_status":"closed","ping_status":"closed","sticky":false,"template":"page-templates\/macbook-pro-m3.php","format":"standard","meta":{"_acf_changed":false,"inline_featured_image":false,"footnotes":""},"categories":[11],"tags":[],"class_list":["post-8672","post","type-post","status-publish","format-standard","has-post-thumbnail","hentry","category-actualite"],"acf":[],"yoast_head":"<!-- This site is optimized with the Yoast SEO plugin v27.3 - https:\/\/yoast.com\/product\/yoast-seo-wordpress\/ -->\n<title>MacBook Pro M3 - Apple Econocom Business<\/title>\n<meta name=\"description\" content=\"D\u00e9couvrez le MacBook Pro M3 avec Econocom : performances de pointe et design \u00e9l\u00e9gant pour maximiser la productivit\u00e9 en entreprise.\" \/>\n<meta name=\"robots\" content=\"index, follow, max-snippet:-1, max-image-preview:large, max-video-preview:-1\" \/>\n<link rel=\"canonical\" href=\"https:\/\/apple.econocom.com\/business\/blog\/2023\/12\/18\/macbook-pro-m3\/\" \/>\n<meta property=\"og:locale\" content=\"fr_FR\" \/>\n<meta property=\"og:type\" content=\"article\" \/>\n<meta property=\"og:title\" content=\"MacBook Pro M3 - Apple Econocom Business\" \/>\n<meta property=\"og:description\" content=\"D\u00e9couvrez le MacBook Pro M3 avec Econocom : performances de pointe et design \u00e9l\u00e9gant pour maximiser la productivit\u00e9 en entreprise.\" \/>\n<meta property=\"og:url\" content=\"https:\/\/apple.econocom.com\/business\/blog\/2023\/12\/18\/macbook-pro-m3\/\" \/>\n<meta property=\"og:site_name\" content=\"Apple Econocom Business\" \/>\n<meta property=\"article:published_time\" content=\"2023-12-18T16:10:46+00:00\" \/>\n<meta property=\"article:modified_time\" content=\"2025-02-14T09:01:52+00:00\" \/>\n<meta property=\"og:image\" content=\"https:\/\/apple.econocom.com\/business\/wp-content\/uploads\/sites\/3\/2023\/12\/MACBOOK-PRO-M3.jpg\" \/>\n\t<meta property=\"og:image:width\" content=\"1876\" \/>\n\t<meta property=\"og:image:height\" content=\"982\" \/>\n\t<meta property=\"og:image:type\" content=\"image\/jpeg\" \/>\n<meta name=\"author\" content=\"Foulon\" \/>\n<meta name=\"twitter:card\" content=\"summary_large_image\" \/>\n<meta name=\"twitter:label1\" content=\"\u00c9crit par\" \/>\n\t<meta name=\"twitter:data1\" content=\"Foulon\" \/>\n\t<meta name=\"twitter:label2\" content=\"Dur\u00e9e de lecture estim\u00e9e\" \/>\n\t<meta name=\"twitter:data2\" content=\"1 minute\" \/>\n<script type=\"application\/ld+json\" class=\"yoast-schema-graph\">{\"@context\":\"https:\\\/\\\/schema.org\",\"@graph\":[{\"@type\":\"Article\",\"@id\":\"https:\\\/\\\/apple.econocom.com\\\/business\\\/blog\\\/2023\\\/12\\\/18\\\/macbook-pro-m3\\\/#article\",\"isPartOf\":{\"@id\":\"https:\\\/\\\/apple.econocom.com\\\/business\\\/blog\\\/2023\\\/12\\\/18\\\/macbook-pro-m3\\\/\"},\"author\":{\"name\":\"Foulon\",\"@id\":\"https:\\\/\\\/apple.econocom.com\\\/business\\\/#\\\/schema\\\/person\\\/3d419ceaedd8f5f0721764b6d42b7ae2\"},\"headline\":\"MacBook Pro M3\",\"datePublished\":\"2023-12-18T16:10:46+00:00\",\"dateModified\":\"2025-02-14T09:01:52+00:00\",\"mainEntityOfPage\":{\"@id\":\"https:\\\/\\\/apple.econocom.com\\\/business\\\/blog\\\/2023\\\/12\\\/18\\\/macbook-pro-m3\\\/\"},\"wordCount\":3,\"image\":{\"@id\":\"https:\\\/\\\/apple.econocom.com\\\/business\\\/blog\\\/2023\\\/12\\\/18\\\/macbook-pro-m3\\\/#primaryimage\"},\"thumbnailUrl\":\"https:\\\/\\\/apple.econocom.com\\\/business\\\/wp-content\\\/uploads\\\/sites\\\/3\\\/2023\\\/12\\\/MACBOOK-PRO-M3.jpg\",\"articleSection\":[\"Actualit\u00e9\"],\"inLanguage\":\"fr-FR\"},{\"@type\":\"WebPage\",\"@id\":\"https:\\\/\\\/apple.econocom.com\\\/business\\\/blog\\\/2023\\\/12\\\/18\\\/macbook-pro-m3\\\/\",\"url\":\"https:\\\/\\\/apple.econocom.com\\\/business\\\/blog\\\/2023\\\/12\\\/18\\\/macbook-pro-m3\\\/\",\"name\":\"MacBook Pro M3 - Apple Econocom Business\",\"isPartOf\":{\"@id\":\"https:\\\/\\\/apple.econocom.com\\\/business\\\/#website\"},\"primaryImageOfPage\":{\"@id\":\"https:\\\/\\\/apple.econocom.com\\\/business\\\/blog\\\/2023\\\/12\\\/18\\\/macbook-pro-m3\\\/#primaryimage\"},\"image\":{\"@id\":\"https:\\\/\\\/apple.econocom.com\\\/business\\\/blog\\\/2023\\\/12\\\/18\\\/macbook-pro-m3\\\/#primaryimage\"},\"thumbnailUrl\":\"https:\\\/\\\/apple.econocom.com\\\/business\\\/wp-content\\\/uploads\\\/sites\\\/3\\\/2023\\\/12\\\/MACBOOK-PRO-M3.jpg\",\"datePublished\":\"2023-12-18T16:10:46+00:00\",\"dateModified\":\"2025-02-14T09:01:52+00:00\",\"author\":{\"@id\":\"https:\\\/\\\/apple.econocom.com\\\/business\\\/#\\\/schema\\\/person\\\/3d419ceaedd8f5f0721764b6d42b7ae2\"},\"description\":\"D\u00e9couvrez le MacBook Pro M3 avec Econocom : performances de pointe et design \u00e9l\u00e9gant pour maximiser la productivit\u00e9 en entreprise.\",\"breadcrumb\":{\"@id\":\"https:\\\/\\\/apple.econocom.com\\\/business\\\/blog\\\/2023\\\/12\\\/18\\\/macbook-pro-m3\\\/#breadcrumb\"},\"inLanguage\":\"fr-FR\",\"potentialAction\":[{\"@type\":\"ReadAction\",\"target\":[\"https:\\\/\\\/apple.econocom.com\\\/business\\\/blog\\\/2023\\\/12\\\/18\\\/macbook-pro-m3\\\/\"]}]},{\"@type\":\"ImageObject\",\"inLanguage\":\"fr-FR\",\"@id\":\"https:\\\/\\\/apple.econocom.com\\\/business\\\/blog\\\/2023\\\/12\\\/18\\\/macbook-pro-m3\\\/#primaryimage\",\"url\":\"https:\\\/\\\/apple.econocom.com\\\/business\\\/wp-content\\\/uploads\\\/sites\\\/3\\\/2023\\\/12\\\/MACBOOK-PRO-M3.jpg\",\"contentUrl\":\"https:\\\/\\\/apple.econocom.com\\\/business\\\/wp-content\\\/uploads\\\/sites\\\/3\\\/2023\\\/12\\\/MACBOOK-PRO-M3.jpg\",\"width\":1876,\"height\":982,\"caption\":\"MacBook Pro 16 pouces\"},{\"@type\":\"BreadcrumbList\",\"@id\":\"https:\\\/\\\/apple.econocom.com\\\/business\\\/blog\\\/2023\\\/12\\\/18\\\/macbook-pro-m3\\\/#breadcrumb\",\"itemListElement\":[{\"@type\":\"ListItem\",\"position\":1,\"name\":\"Accueil\",\"item\":\"https:\\\/\\\/apple.econocom.com\\\/business\\\/\"},{\"@type\":\"ListItem\",\"position\":2,\"name\":\"MacBook Pro M3\"}]},{\"@type\":\"WebSite\",\"@id\":\"https:\\\/\\\/apple.econocom.com\\\/business\\\/#website\",\"url\":\"https:\\\/\\\/apple.econocom.com\\\/business\\\/\",\"name\":\"Apple Econocom Business\",\"description\":\"econocom - Apple Premium Business Partner\",\"potentialAction\":[{\"@type\":\"SearchAction\",\"target\":{\"@type\":\"EntryPoint\",\"urlTemplate\":\"https:\\\/\\\/apple.econocom.com\\\/business\\\/?s={search_term_string}\"},\"query-input\":{\"@type\":\"PropertyValueSpecification\",\"valueRequired\":true,\"valueName\":\"search_term_string\"}}],\"inLanguage\":\"fr-FR\"},{\"@type\":\"Person\",\"@id\":\"https:\\\/\\\/apple.econocom.com\\\/business\\\/#\\\/schema\\\/person\\\/3d419ceaedd8f5f0721764b6d42b7ae2\",\"name\":\"Foulon\",\"image\":{\"@type\":\"ImageObject\",\"inLanguage\":\"fr-FR\",\"@id\":\"https:\\\/\\\/secure.gravatar.com\\\/avatar\\\/888dc804df98f459887b87d032cf0d54a2a4df6e5c27d518a2ee58a1da9d6d9b?s=96&d=mm&r=g\",\"url\":\"https:\\\/\\\/secure.gravatar.com\\\/avatar\\\/888dc804df98f459887b87d032cf0d54a2a4df6e5c27d518a2ee58a1da9d6d9b?s=96&d=mm&r=g\",\"contentUrl\":\"https:\\\/\\\/secure.gravatar.com\\\/avatar\\\/888dc804df98f459887b87d032cf0d54a2a4df6e5c27d518a2ee58a1da9d6d9b?s=96&d=mm&r=g\",\"caption\":\"Foulon\"},\"url\":\"https:\\\/\\\/apple.econocom.com\\\/business\\\/blog\\\/author\\\/kyfr4n\\\/\"}]}<\/script>\n<!-- \/ Yoast SEO plugin. -->","yoast_head_json":{"title":"MacBook Pro M3 - Apple Econocom Business","description":"D\u00e9couvrez le MacBook Pro M3 avec Econocom : performances de pointe et design \u00e9l\u00e9gant pour maximiser la productivit\u00e9 en entreprise.","robots":{"index":"index","follow":"follow","max-snippet":"max-snippet:-1","max-image-preview":"max-image-preview:large","max-video-preview":"max-video-preview:-1"},"canonical":"https:\/\/apple.econocom.com\/business\/blog\/2023\/12\/18\/macbook-pro-m3\/","og_locale":"fr_FR","og_type":"article","og_title":"MacBook Pro M3 - Apple Econocom Business","og_description":"D\u00e9couvrez le MacBook Pro M3 avec Econocom : performances de pointe et design \u00e9l\u00e9gant pour maximiser la productivit\u00e9 en entreprise.","og_url":"https:\/\/apple.econocom.com\/business\/blog\/2023\/12\/18\/macbook-pro-m3\/","og_site_name":"Apple Econocom Business","article_published_time":"2023-12-18T16:10:46+00:00","article_modified_time":"2025-02-14T09:01:52+00:00","og_image":[{"width":1876,"height":982,"url":"https:\/\/apple.econocom.com\/business\/wp-content\/uploads\/sites\/3\/2023\/12\/MACBOOK-PRO-M3.jpg","type":"image\/jpeg"}],"author":"Foulon","twitter_card":"summary_large_image","twitter_misc":{"\u00c9crit par":"Foulon","Dur\u00e9e de lecture estim\u00e9e":"1 minute"},"schema":{"@context":"https:\/\/schema.org","@graph":[{"@type":"Article","@id":"https:\/\/apple.econocom.com\/business\/blog\/2023\/12\/18\/macbook-pro-m3\/#article","isPartOf":{"@id":"https:\/\/apple.econocom.com\/business\/blog\/2023\/12\/18\/macbook-pro-m3\/"},"author":{"name":"Foulon","@id":"https:\/\/apple.econocom.com\/business\/#\/schema\/person\/3d419ceaedd8f5f0721764b6d42b7ae2"},"headline":"MacBook Pro M3","datePublished":"2023-12-18T16:10:46+00:00","dateModified":"2025-02-14T09:01:52+00:00","mainEntityOfPage":{"@id":"https:\/\/apple.econocom.com\/business\/blog\/2023\/12\/18\/macbook-pro-m3\/"},"wordCount":3,"image":{"@id":"https:\/\/apple.econocom.com\/business\/blog\/2023\/12\/18\/macbook-pro-m3\/#primaryimage"},"thumbnailUrl":"https:\/\/apple.econocom.com\/business\/wp-content\/uploads\/sites\/3\/2023\/12\/MACBOOK-PRO-M3.jpg","articleSection":["Actualit\u00e9"],"inLanguage":"fr-FR"},{"@type":"WebPage","@id":"https:\/\/apple.econocom.com\/business\/blog\/2023\/12\/18\/macbook-pro-m3\/","url":"https:\/\/apple.econocom.com\/business\/blog\/2023\/12\/18\/macbook-pro-m3\/","name":"MacBook Pro M3 - Apple Econocom Business","isPartOf":{"@id":"https:\/\/apple.econocom.com\/business\/#website"},"primaryImageOfPage":{"@id":"https:\/\/apple.econocom.com\/business\/blog\/2023\/12\/18\/macbook-pro-m3\/#primaryimage"},"image":{"@id":"https:\/\/apple.econocom.com\/business\/blog\/2023\/12\/18\/macbook-pro-m3\/#primaryimage"},"thumbnailUrl":"https:\/\/apple.econocom.com\/business\/wp-content\/uploads\/sites\/3\/2023\/12\/MACBOOK-PRO-M3.jpg","datePublished":"2023-12-18T16:10:46+00:00","dateModified":"2025-02-14T09:01:52+00:00","author":{"@id":"https:\/\/apple.econocom.com\/business\/#\/schema\/person\/3d419ceaedd8f5f0721764b6d42b7ae2"},"description":"D\u00e9couvrez le MacBook Pro M3 avec Econocom : performances de pointe et design \u00e9l\u00e9gant pour maximiser la productivit\u00e9 en entreprise.","breadcrumb":{"@id":"https:\/\/apple.econocom.com\/business\/blog\/2023\/12\/18\/macbook-pro-m3\/#breadcrumb"},"inLanguage":"fr-FR","potentialAction":[{"@type":"ReadAction","target":["https:\/\/apple.econocom.com\/business\/blog\/2023\/12\/18\/macbook-pro-m3\/"]}]},{"@type":"ImageObject","inLanguage":"fr-FR","@id":"https:\/\/apple.econocom.com\/business\/blog\/2023\/12\/18\/macbook-pro-m3\/#primaryimage","url":"https:\/\/apple.econocom.com\/business\/wp-content\/uploads\/sites\/3\/2023\/12\/MACBOOK-PRO-M3.jpg","contentUrl":"https:\/\/apple.econocom.com\/business\/wp-content\/uploads\/sites\/3\/2023\/12\/MACBOOK-PRO-M3.jpg","width":1876,"height":982,"caption":"MacBook Pro 16 pouces"},{"@type":"BreadcrumbList","@id":"https:\/\/apple.econocom.com\/business\/blog\/2023\/12\/18\/macbook-pro-m3\/#breadcrumb","itemListElement":[{"@type":"ListItem","position":1,"name":"Accueil","item":"https:\/\/apple.econocom.com\/business\/"},{"@type":"ListItem","position":2,"name":"MacBook Pro M3"}]},{"@type":"WebSite","@id":"https:\/\/apple.econocom.com\/business\/#website","url":"https:\/\/apple.econocom.com\/business\/","name":"Apple Econocom Business","description":"econocom - Apple Premium Business Partner","potentialAction":[{"@type":"SearchAction","target":{"@type":"EntryPoint","urlTemplate":"https:\/\/apple.econocom.com\/business\/?s={search_term_string}"},"query-input":{"@type":"PropertyValueSpecification","valueRequired":true,"valueName":"search_term_string"}}],"inLanguage":"fr-FR"},{"@type":"Person","@id":"https:\/\/apple.econocom.com\/business\/#\/schema\/person\/3d419ceaedd8f5f0721764b6d42b7ae2","name":"Foulon","image":{"@type":"ImageObject","inLanguage":"fr-FR","@id":"https:\/\/secure.gravatar.com\/avatar\/888dc804df98f459887b87d032cf0d54a2a4df6e5c27d518a2ee58a1da9d6d9b?s=96&d=mm&r=g","url":"https:\/\/secure.gravatar.com\/avatar\/888dc804df98f459887b87d032cf0d54a2a4df6e5c27d518a2ee58a1da9d6d9b?s=96&d=mm&r=g","contentUrl":"https:\/\/secure.gravatar.com\/avatar\/888dc804df98f459887b87d032cf0d54a2a4df6e5c27d518a2ee58a1da9d6d9b?s=96&d=mm&r=g","caption":"Foulon"},"url":"https:\/\/apple.econocom.com\/business\/blog\/author\/kyfr4n\/"}]}},"_links":{"self":[{"href":"https:\/\/apple.econocom.com\/business\/wp-json\/wp\/v2\/posts\/8672","targetHints":{"allow":["GET"]}}],"collection":[{"href":"https:\/\/apple.econocom.com\/business\/wp-json\/wp\/v2\/posts"}],"about":[{"href":"https:\/\/apple.econocom.com\/business\/wp-json\/wp\/v2\/types\/post"}],"author":[{"embeddable":true,"href":"https:\/\/apple.econocom.com\/business\/wp-json\/wp\/v2\/users\/1"}],"replies":[{"embeddable":true,"href":"https:\/\/apple.econocom.com\/business\/wp-json\/wp\/v2\/comments?post=8672"}],"version-history":[{"count":1,"href":"https:\/\/apple.econocom.com\/business\/wp-json\/wp\/v2\/posts\/8672\/revisions"}],"predecessor-version":[{"id":10284,"href":"https:\/\/apple.econocom.com\/business\/wp-json\/wp\/v2\/posts\/8672\/revisions\/10284"}],"wp:featuredmedia":[{"embeddable":true,"href":"https:\/\/apple.econocom.com\/business\/wp-json\/wp\/v2\/media\/8707"}],"wp:attachment":[{"href":"https:\/\/apple.econocom.com\/business\/wp-json\/wp\/v2\/media?parent=8672"}],"wp:term":[{"taxonomy":"category","embeddable":true,"href":"https:\/\/apple.econocom.com\/business\/wp-json\/wp\/v2\/categories?post=8672"},{"taxonomy":"post_tag","embeddable":true,"href":"https:\/\/apple.econocom.com\/business\/wp-json\/wp\/v2\/tags?post=8672"}],"curies":[{"name":"wp","href":"https:\/\/api.w.org\/{rel}","templated":true}]}}